{"id":1063,"date":"2024-01-25T10:23:04","date_gmt":"2024-01-25T10:23:04","guid":{"rendered":"https:\/\/fcnap.ro\/?p=1063"},"modified":"2024-01-25T10:27:45","modified_gmt":"2024-01-25T10:27:45","slug":"conferinta-armata-si-intelligence-in-infaptuirea-si-mentinerea-unirii-din-1859","status":"publish","type":"post","link":"https:\/\/fcnap.ro\/en\/conferinta-armata-si-intelligence-in-infaptuirea-si-mentinerea-unirii-din-1859\/","title":{"rendered":"Conferin\u021ba \u201eArmata \u0219i intelligence \u00een \u00eenf\u0103ptuirea \u0219i men\u021binerea Unirii din 1859\u201d"},"content":{"rendered":"\n<p>Funda\u021biei Colegiului Na\u021bional de Ap\u0103rare (FCNAp), sucursala Moldova, a  marcat \u00eemplinirea a 165 de ani de la Unirea Principatelor Rom\u00e2ne prin conferin\u021ba \u0219tiin\u021bific\u0103 intitulat\u0103 \u201eArmata \u0219i intelligence \u00een \u00eenf\u0103ptuirea \u0219i men\u021binerea Unirii din 1859\u201d, eveniment organizat \u00een parteneriat cu Prim\u0103ria Municipiului Ia\u0219i \u0219i Academia Oamenilor de \u0218tiin\u021b\u0103 din Rom\u00e2nia.<\/p>\n\n\n\n<figure class=\"wp-block-image size-large\"><a href=\"https:\/\/fcnap.ro\/wp-content\/uploads\/2024\/01\/conferinta-fcnap3.jpg\" data-rel=\"lightbox-gallery-19amulnp\" data-rl_title=\"\" data-rl_caption=\"\" title=\"\"><img decoding=\"async\" loading=\"lazy\" width=\"1024\" height=\"683\" src=\"https:\/\/fcnap.ro\/wp-content\/uploads\/2024\/01\/conferinta-fcnap3-1024x683.jpg\" alt=\"\" class=\"wp-image-1065\" srcset=\"https:\/\/fcnap.ro\/wp-content\/uploads\/2024\/01\/conferinta-fcnap3-1024x683.jpg 1024w, https:\/\/fcnap.ro\/wp-content\/uploads\/2024\/01\/conferinta-fcnap3-300x200.jpg 300w, https:\/\/fcnap.ro\/wp-content\/uploads\/2024\/01\/conferinta-fcnap3-768x512.jpg 768w, https:\/\/fcnap.ro\/wp-content\/uploads\/2024\/01\/conferinta-fcnap3-1536x1024.jpg 1536w, https:\/\/fcnap.ro\/wp-content\/uploads\/2024\/01\/conferinta-fcnap3.jpg 2048w\" sizes=\"(max-width: 1024px) 100vw, 1024px\" \/><\/a><\/figure>\n\n\n\n<p>Manifestarea, organizat\u0103 \u00een ziua de 23 ianuarie 2024, ora 15.00, \u00een Sala \u201eVasile Pogor\u201d a Prim\u0103riei, a fost deschis\u0103 prin <a><\/a>intonarea imnului na\u021bional, urmat\u0103 de alocu\u021biunea pre\u0219edintelui sucursalei Moldova a FCNAp, d-na Lia Anton. Au urmat mesajele de salut ale Prefectului jude\u021bului Ia\u0219i, d-l Petru-Bogdan Cojocaru, \u0219i Primarului municipiului Ia\u0219i, d-l Mihai Chirica.<\/p>\n\n\n\n<figure class=\"is-layout-flex wp-block-gallery-1 wp-block-gallery has-nested-images columns-default is-cropped\">\n<figure class=\"wp-block-image size-large\"><a href=\"https:\/\/fcnap.ro\/wp-content\/uploads\/2024\/01\/conferinta-fcnap7.jpg\" data-rel=\"lightbox-gallery-19amulnp\" data-rl_title=\"\" data-rl_caption=\"\" title=\"\"><img decoding=\"async\" loading=\"lazy\" width=\"1024\" height=\"683\" data-id=\"1069\"  src=\"https:\/\/fcnap.ro\/wp-content\/uploads\/2024\/01\/conferinta-fcnap7-1024x683.jpg\" alt=\"\" class=\"wp-image-1069\" srcset=\"https:\/\/fcnap.ro\/wp-content\/uploads\/2024\/01\/conferinta-fcnap7-1024x683.jpg 1024w, https:\/\/fcnap.ro\/wp-content\/uploads\/2024\/01\/conferinta-fcnap7-300x200.jpg 300w, https:\/\/fcnap.ro\/wp-content\/uploads\/2024\/01\/conferinta-fcnap7-768x512.jpg 768w, https:\/\/fcnap.ro\/wp-content\/uploads\/2024\/01\/conferinta-fcnap7-1536x1024.jpg 1536w, https:\/\/fcnap.ro\/wp-content\/uploads\/2024\/01\/conferinta-fcnap7.jpg 2048w\" sizes=\"(max-width: 1024px) 100vw, 1024px\" \/><\/a><\/figure>\n\n\n\n<figure class=\"wp-block-image size-large\"><a href=\"https:\/\/fcnap.ro\/wp-content\/uploads\/2024\/01\/conferinta-fcnap6.jpg\" data-rel=\"lightbox-gallery-19amulnp\" data-rl_title=\"\" data-rl_caption=\"\" title=\"\"><img decoding=\"async\" loading=\"lazy\" width=\"1024\" height=\"683\" data-id=\"1067\"  src=\"https:\/\/fcnap.ro\/wp-content\/uploads\/2024\/01\/conferinta-fcnap6-1024x683.jpg\" alt=\"\" class=\"wp-image-1067\" srcset=\"https:\/\/fcnap.ro\/wp-content\/uploads\/2024\/01\/conferinta-fcnap6-1024x683.jpg 1024w, https:\/\/fcnap.ro\/wp-content\/uploads\/2024\/01\/conferinta-fcnap6-300x200.jpg 300w, https:\/\/fcnap.ro\/wp-content\/uploads\/2024\/01\/conferinta-fcnap6-768x512.jpg 768w, https:\/\/fcnap.ro\/wp-content\/uploads\/2024\/01\/conferinta-fcnap6-1536x1024.jpg 1536w, https:\/\/fcnap.ro\/wp-content\/uploads\/2024\/01\/conferinta-fcnap6.jpg 2048w\" sizes=\"(max-width: 1024px) 100vw, 1024px\" \/><\/a><\/figure>\n\n\n\n<figure class=\"wp-block-image size-large\"><a href=\"https:\/\/fcnap.ro\/wp-content\/uploads\/2024\/01\/conferinta-fcnap5.jpg\" data-rel=\"lightbox-gallery-19amulnp\" data-rl_title=\"\" data-rl_caption=\"\" title=\"\"><img decoding=\"async\" loading=\"lazy\" width=\"1024\" height=\"683\" data-id=\"1071\"  src=\"https:\/\/fcnap.ro\/wp-content\/uploads\/2024\/01\/conferinta-fcnap5-1024x683.jpg\" alt=\"\" class=\"wp-image-1071\" srcset=\"https:\/\/fcnap.ro\/wp-content\/uploads\/2024\/01\/conferinta-fcnap5-1024x683.jpg 1024w, https:\/\/fcnap.ro\/wp-content\/uploads\/2024\/01\/conferinta-fcnap5-300x200.jpg 300w, https:\/\/fcnap.ro\/wp-content\/uploads\/2024\/01\/conferinta-fcnap5-768x512.jpg 768w, https:\/\/fcnap.ro\/wp-content\/uploads\/2024\/01\/conferinta-fcnap5-1536x1024.jpg 1536w, https:\/\/fcnap.ro\/wp-content\/uploads\/2024\/01\/conferinta-fcnap5.jpg 2048w\" sizes=\"(max-width: 1024px) 100vw, 1024px\" \/><\/a><\/figure>\n\n\n\n<figure class=\"wp-block-image size-large\"><a href=\"https:\/\/fcnap.ro\/wp-content\/uploads\/2024\/01\/conferinta-fcnap4.jpg\" data-rel=\"lightbox-gallery-19amulnp\" data-rl_title=\"\" data-rl_caption=\"\" title=\"\"><img decoding=\"async\" loading=\"lazy\" width=\"1024\" height=\"683\" data-id=\"1068\"  src=\"https:\/\/fcnap.ro\/wp-content\/uploads\/2024\/01\/conferinta-fcnap4-1024x683.jpg\" alt=\"\" class=\"wp-image-1068\" srcset=\"https:\/\/fcnap.ro\/wp-content\/uploads\/2024\/01\/conferinta-fcnap4-1024x683.jpg 1024w, https:\/\/fcnap.ro\/wp-content\/uploads\/2024\/01\/conferinta-fcnap4-300x200.jpg 300w, https:\/\/fcnap.ro\/wp-content\/uploads\/2024\/01\/conferinta-fcnap4-768x512.jpg 768w, https:\/\/fcnap.ro\/wp-content\/uploads\/2024\/01\/conferinta-fcnap4-1536x1024.jpg 1536w, https:\/\/fcnap.ro\/wp-content\/uploads\/2024\/01\/conferinta-fcnap4.jpg 2048w\" sizes=\"(max-width: 1024px) 100vw, 1024px\" \/><\/a><\/figure>\n\n\n\n<figure class=\"wp-block-image size-large\"><a href=\"https:\/\/fcnap.ro\/wp-content\/uploads\/2024\/01\/conferinta-fcnap3-1.jpg\" data-rel=\"lightbox-gallery-19amulnp\" data-rl_title=\"\" data-rl_caption=\"\" title=\"\"><img decoding=\"async\" loading=\"lazy\" width=\"1024\" height=\"683\" data-id=\"1072\"  src=\"https:\/\/fcnap.ro\/wp-content\/uploads\/2024\/01\/conferinta-fcnap3-1-1024x683.jpg\" alt=\"\" class=\"wp-image-1072\" srcset=\"https:\/\/fcnap.ro\/wp-content\/uploads\/2024\/01\/conferinta-fcnap3-1-1024x683.jpg 1024w, https:\/\/fcnap.ro\/wp-content\/uploads\/2024\/01\/conferinta-fcnap3-1-300x200.jpg 300w, https:\/\/fcnap.ro\/wp-content\/uploads\/2024\/01\/conferinta-fcnap3-1-768x512.jpg 768w, https:\/\/fcnap.ro\/wp-content\/uploads\/2024\/01\/conferinta-fcnap3-1-1536x1024.jpg 1536w, https:\/\/fcnap.ro\/wp-content\/uploads\/2024\/01\/conferinta-fcnap3-1.jpg 2048w\" sizes=\"(max-width: 1024px) 100vw, 1024px\" \/><\/a><\/figure>\n\n\n\n<figure class=\"wp-block-image size-large\"><a href=\"https:\/\/fcnap.ro\/wp-content\/uploads\/2024\/01\/conferinta-fcnap2.jpg\" data-rel=\"lightbox-gallery-19amulnp\" data-rl_title=\"\" data-rl_caption=\"\" title=\"\"><img decoding=\"async\" loading=\"lazy\" width=\"1024\" height=\"683\" data-id=\"1070\"  src=\"https:\/\/fcnap.ro\/wp-content\/uploads\/2024\/01\/conferinta-fcnap2-1024x683.jpg\" alt=\"\" class=\"wp-image-1070\" srcset=\"https:\/\/fcnap.ro\/wp-content\/uploads\/2024\/01\/conferinta-fcnap2-1024x683.jpg 1024w, https:\/\/fcnap.ro\/wp-content\/uploads\/2024\/01\/conferinta-fcnap2-300x200.jpg 300w, https:\/\/fcnap.ro\/wp-content\/uploads\/2024\/01\/conferinta-fcnap2-768x512.jpg 768w, https:\/\/fcnap.ro\/wp-content\/uploads\/2024\/01\/conferinta-fcnap2-1536x1024.jpg 1536w, https:\/\/fcnap.ro\/wp-content\/uploads\/2024\/01\/conferinta-fcnap2.jpg 2048w\" sizes=\"(max-width: 1024px) 100vw, 1024px\" \/><\/a><\/figure>\n\n\n\n<figure class=\"wp-block-image size-large\"><a href=\"https:\/\/fcnap.ro\/wp-content\/uploads\/2024\/01\/conferinta-fcnap1.jpg\" data-rel=\"lightbox-gallery-19amulnp\" data-rl_title=\"\" data-rl_caption=\"\" title=\"\"><img decoding=\"async\" loading=\"lazy\" width=\"1024\" height=\"683\" data-id=\"1066\"  src=\"https:\/\/fcnap.ro\/wp-content\/uploads\/2024\/01\/conferinta-fcnap1-1024x683.jpg\" alt=\"\" class=\"wp-image-1066\" srcset=\"https:\/\/fcnap.ro\/wp-content\/uploads\/2024\/01\/conferinta-fcnap1-1024x683.jpg 1024w, https:\/\/fcnap.ro\/wp-content\/uploads\/2024\/01\/conferinta-fcnap1-300x200.jpg 300w, https:\/\/fcnap.ro\/wp-content\/uploads\/2024\/01\/conferinta-fcnap1-768x512.jpg 768w, https:\/\/fcnap.ro\/wp-content\/uploads\/2024\/01\/conferinta-fcnap1-1536x1024.jpg 1536w, https:\/\/fcnap.ro\/wp-content\/uploads\/2024\/01\/conferinta-fcnap1.jpg 2048w\" sizes=\"(max-width: 1024px) 100vw, 1024px\" \/><\/a><\/figure>\n<\/figure>\n\n\n\n<p>Ulterior a fost semnat, \u00eentr-un cadru festiv, acordul de cooperare \u00eentre Funda\u021bia Colegiului Na\u021bional de Ap\u0103rare \u0219i Institutul de Cercet\u0103ri Avansate Interdisciplinare \u201eConstantin Angelescu\u201d din cadrul Academiei Oamenilor de \u0218tiin\u021b\u0103 din Rom\u00e2nia (AO\u0218R). Acest demers a fost marcat prin alocu\u021biuni ale Pre\u0219edintelui FCNAp, prof. univ. dr. Cristian Vasile Petcu, \u0219i Vicepre\u0219edintelui AO\u0218R, prof. univ. dr. Doina Banciu.<\/p>\n\n\n\n<p>Componenta academic\u0103 a inclus patru comunic\u0103ri sus\u021binute de speciali\u0219ti reputa\u021bi:<\/p>\n\n\n\n<p>Prof. univ. dr. Petre Otu (Institutul pentru Studii Politice de Ap\u0103rare \u015fi Istorie Militar\u0103): Rolul armatei \u00een procesul unionist si reformist (1856-1866)<\/p>\n\n\n\n<p>Prof. univ. dr. Constantin Hlihor (Universitatea Bucure\u0219ti): Alexandru Ioan Cuza \u0219i geopolitica marilor puteri ale epocii sale<\/p>\n\n\n\n<p>Prof. univ. dr. Ion Roceanu (Universitatea Na\u021bional\u0103 de Ap\u0103rare \u201eCarol I\u201d): Manipularea sentimentelor anti-Unire, \u00een r\u00e2ndul tinerilor<\/p>\n\n\n\n<p>Conf. univ. dr. Bogdan Teodor (Academia Na\u021bional\u0103 de Informa\u021bii \u201eMihai Viteazul\u201d): Primii pa\u0219i \u00een constituirea structurilor de informa\u021bii rom\u00e2ne\u0219ti, 1859-1860<\/p>\n\n\n\n<p>FCNAp &#8211; sucursala Moldova \u00ee\u0219i exprim\u0103 gratitudinea fa\u021b\u0103 de conferen\u021biari, fa\u021b\u0103 de parteneri \u0219i fa\u021b\u0103 de institu\u021biile civile \u0219i militare reprezentate la conferin\u021b\u0103. Le mul\u021bumim, de asemenea, tinerilor voluntari, colegilor de la televiziunea Ia\u0219i TV Life, care a transmis \u00een direct manifestarea, celorlalte institu\u021bii media care au relatat despre eveniment. Nu \u00een ultimul r\u00e2nd, ne exprim\u0103m recuno\u0219tin\u021ba fa\u021b\u0103 de publicul prezent la lucr\u0103rile conferin\u021bei, c\u0103ruia \u00eei promitem continuarea eforturilor noastre de a organiza manifest\u0103ri publice de \u021binut\u0103.<\/p>\n","protected":false},"excerpt":{"rendered":"<p>Funda\u021biei Colegiului Na\u021bional de Ap\u0103rare (FCNAp), sucursala Moldova, a marcat \u00eemplinirea a 165 de ani de la Unirea Principatelor Rom\u00e2ne prin conferin\u021ba \u0219tiin\u021bific\u0103 intitulat\u0103 \u201eArmata \u0219i intelligence \u00een \u00eenf\u0103ptuirea \u0219i men\u021binerea Unirii din 1859\u201d, eveniment organizat \u00een parteneriat cu Prim\u0103ria Municipiului Ia\u0219i \u0219i Academia Oamenilor de \u0218tiin\u021b\u0103 din Rom\u00e2nia. Manifestarea, organizat\u0103 \u00een ziua de 23 [&hellip;]<\/p>\n","protected":false},"author":152,"featured_media":1065,"comment_status":"open","ping_status":"open","sticky":false,"template":"","format":"standard","meta":[],"categories":[9,7,15,10],"tags":[],"_links":{"self":[{"href":"https:\/\/fcnap.ro\/en\/wp-json\/wp\/v2\/posts\/1063"}],"collection":[{"href":"https:\/\/fcnap.ro\/en\/wp-json\/wp\/v2\/posts"}],"about":[{"href":"https:\/\/fcnap.ro\/en\/wp-json\/wp\/v2\/types\/post"}],"author":[{"embeddable":true,"href":"https:\/\/fcnap.ro\/en\/wp-json\/wp\/v2\/users\/152"}],"replies":[{"embeddable":true,"href":"https:\/\/fcnap.ro\/en\/wp-json\/wp\/v2\/comments?post=1063"}],"version-history":[{"count":3,"href":"https:\/\/fcnap.ro\/en\/wp-json\/wp\/v2\/posts\/1063\/revisions"}],"predecessor-version":[{"id":1074,"href":"https:\/\/fcnap.ro\/en\/wp-json\/wp\/v2\/posts\/1063\/revisions\/1074"}],"wp:featuredmedia":[{"embeddable":true,"href":"https:\/\/fcnap.ro\/en\/wp-json\/wp\/v2\/media\/1065"}],"wp:attachment":[{"href":"https:\/\/fcnap.ro\/en\/wp-json\/wp\/v2\/media?parent=1063"}],"wp:term":[{"taxonomy":"category","embeddable":true,"href":"https:\/\/fcnap.ro\/en\/wp-json\/wp\/v2\/categories?post=1063"},{"taxonomy":"post_tag","embeddable":true,"href":"https:\/\/fcnap.ro\/en\/wp-json\/wp\/v2\/tags?post=1063"}],"curies":[{"name":"wp","href":"https:\/\/api.w.org\/{rel}","templated":true}]}}