{"id":1056,"date":"2023-10-25T18:12:55","date_gmt":"2023-10-25T18:12:55","guid":{"rendered":"https:\/\/fcnap.ro\/?p=1056"},"modified":"2023-10-25T18:13:39","modified_gmt":"2023-10-25T18:13:39","slug":"conferinta-europa-fara-frontiere-interne-dimensiuni-politice-si-institutionale-ale-aderarii-romaniei-la-spatiul-schengen","status":"publish","type":"post","link":"https:\/\/fcnap.ro\/en\/conferinta-europa-fara-frontiere-interne-dimensiuni-politice-si-institutionale-ale-aderarii-romaniei-la-spatiul-schengen\/","title":{"rendered":"<strong>Conferin\u021ba <\/strong>\u201eEuropa f\u0103r\u0103 frontiere interne: dimensiuni politice \u0219i institu\u021bionale ale ader\u0103rii Rom\u00e2niei la spa\u021biul Schengen\u201d.\u00a0"},"content":{"rendered":"\n<p>\u00a0<\/p>\n\n\n\n<p>Sucursala Ia\u0219i a Funda\u021biei Colegiului Na\u021bional de Ap\u0103rare (FCNAp) are pl\u0103cerea de a informa publicul ie\u0219ean despre finalizarea cu succes a unui proiect important \u0219i ambi\u021bios: Conferin\u021ba interna\u021bional\u0103 \u201eEuropa f\u0103r\u0103 frontiere interne: dimensiuni politice \u0219i institu\u021bionale ale ader\u0103rii Rom\u00e2niei la spa\u021biul Schengen\u201d.&nbsp;<\/p>\n\n\n\n<p>Conferin\u021ba, desf\u0103\u0219urat\u0103 sub patronajul Guvernului Rom\u00e2niei, a fost organizat\u0103 \u00een parteneriat cu Prim\u0103ria municipiului Ia\u0219i, institu\u021bie c\u0103reia \u00eei mul\u021bumim pentru sprijinul constant acordat proiectelor noastre. Mul\u021bumim, totodat\u0103, partenerilor no\u0219tri de la Complexul Muzeal Na\u021bional Moldova pentru cadrul deosebit \u00een care s-a desf\u0103\u0219urat manifestarea: Sala Voievozilor de la Palatul Culturii. Aceast\u0103 sal\u0103 a primit luni, 23 octombrie, \u00eentre orele 10 \u0219i 14, un public numeros \u2013 peste trei sute de persoane. \u00cenregistrarea lucr\u0103rilor este accesibil\u0103 pe pagina de Facebook a sucursalei ie\u0219ene a FCNAp, precum \u0219i pe pagina de web a televiziunii Ia\u0219i TV Life.<\/p>\n\n\n\n<figure class=\"wp-block-image size-full\"><a href=\"https:\/\/fcnap.ro\/wp-content\/uploads\/2023\/10\/conferinta-iasi-25-octombrie-2025-1.png\" data-rel=\"lightbox-gallery-1LYxx2xk\" data-rl_title=\"\" data-rl_caption=\"\" title=\"\"><img decoding=\"async\" loading=\"lazy\" width=\"1024\" height=\"682\" src=\"https:\/\/fcnap.ro\/wp-content\/uploads\/2023\/10\/conferinta-iasi-25-octombrie-2025-1.png\" alt=\"\" class=\"wp-image-1060\" srcset=\"https:\/\/fcnap.ro\/wp-content\/uploads\/2023\/10\/conferinta-iasi-25-octombrie-2025-1.png 1024w, https:\/\/fcnap.ro\/wp-content\/uploads\/2023\/10\/conferinta-iasi-25-octombrie-2025-1-300x200.png 300w, https:\/\/fcnap.ro\/wp-content\/uploads\/2023\/10\/conferinta-iasi-25-octombrie-2025-1-768x512.png 768w\" sizes=\"(max-width: 1024px) 100vw, 1024px\" \/><\/a><\/figure>\n\n\n\n<figure class=\"wp-block-image size-full\"><a href=\"http:\/\/fcnap.ro\/wp-content\/uploads\/2023\/10\/conferinta-iasi-25-octombrie-2025-a.png\" data-rel=\"lightbox-gallery-1LYxx2xk\" data-rl_title=\"\" data-rl_caption=\"\" title=\"\"><img decoding=\"async\" loading=\"lazy\" width=\"1024\" height=\"682\" src=\"http:\/\/fcnap.ro\/wp-content\/uploads\/2023\/10\/conferinta-iasi-25-octombrie-2025-a.png\" alt=\"\" class=\"wp-image-1058\" srcset=\"https:\/\/fcnap.ro\/wp-content\/uploads\/2023\/10\/conferinta-iasi-25-octombrie-2025-a.png 1024w, https:\/\/fcnap.ro\/wp-content\/uploads\/2023\/10\/conferinta-iasi-25-octombrie-2025-a-300x200.png 300w, https:\/\/fcnap.ro\/wp-content\/uploads\/2023\/10\/conferinta-iasi-25-octombrie-2025-a-768x512.png 768w\" sizes=\"(max-width: 1024px) 100vw, 1024px\" \/><\/a><\/figure>\n\n\n\n<p>Mul\u021bumirile noastre speciale se \u00eendreapt\u0103 c\u0103tre participan\u021bii la sec\u021biunile de fond, care au conturat o imagine nuan\u021bat\u0103 \u0219i detaliat\u0103 a problematicii Schengen, \u00eentr-o perioad\u0103 \u00een care Rom\u00e2nia face eforturi de a dep\u0103\u0219i ultimele obstacole \u00een calea ader\u0103rii. Ne face pl\u0103cere s\u0103-i enumer\u0103m aici:&nbsp;&nbsp;&nbsp;&nbsp;<\/p>\n\n\n\n<p><strong>Gen.-mr. Gabriel Anghel<\/strong>, reprezentantul Ministrului Ap\u0103r\u0103rii Na\u021bionale<\/p>\n\n\n\n<p><strong>Gen.-lt. Corneliu Postu<\/strong>, Directorul Statului Major al Ap\u0103r\u0103rii, Ministerul Ap\u0103r\u0103rii Na\u021bionale<\/p>\n\n\n\n<p><strong>Wojtek Kalocinski<\/strong>, Adjunctul \u0218efului Serviciului \u201eGuvernan\u021b\u0103 Schengen\u201d din cadrul Directoratului General Migra\u021bie \u0219i Afaceri Interne, Comisia European\u0103 (interven\u021bie online)<\/p>\n\n\n\n<p><strong>Comisar \u0218ef de Poli\u021bie Prof. Dr. Sergiu Vasile<\/strong>, Academia de Poli\u021bie \u201eAl. I. Cuza\u201d \u2013 Bucure\u0219ti<\/p>\n\n\n\n<p><strong>Titus Corl\u0103\u021bean<\/strong>, senator, Pre\u0219edintele Comisiei pentru politic\u0103 extern\u0103 a Senatului Rom\u00e2niei, fost ministru<\/p>\n\n\n\n<p><strong>Prof. Dr. Ion Mircea Pa\u0219cu<\/strong>, fost ministru \u0219i fost vicepre\u0219edinte al Parlamentului European<\/p>\n\n\n\n<p><strong>Eugen Tomac<\/strong>, membru al Parlamentului European<\/p>\n\n\n\n<p><strong>Maria Grapini<\/strong>, membr\u0103 a Parlamentului European.<\/p>\n\n\n\n<p>Au transmis mesaje pentru aceast\u0103 conferin\u021b\u0103:<\/p>\n\n\n\n<p><strong>Victor Negrescu<\/strong>, membru al Parlamentului European<\/p>\n\n\n\n<p><strong>Dacian Ciolo\u0219<\/strong>, membru al Parlamentului European, fost comisar european<\/p>\n\n\n\n<p><strong>Corina Cre\u021bu<\/strong>, membr\u0103 a Parlamentului European, fost comisar european<\/p>\n\n\n\n<p><strong>Ramona Strugariu<\/strong>, membr\u0103 a Parlamentului European<\/p>\n\n\n\n<p>FCNAp &#8211; sucursala Ia\u0219i dore\u0219te s\u0103 mul\u021bumeasc\u0103 oficialit\u0103\u021bilor locale care au sus\u021binut alocu\u021biuni \u00een cadrul conferin\u021bei:<\/p>\n\n\n\n<p><strong>Petru-Bogdan Cojocaru<\/strong>, Prefectul jude\u021bului Ia\u0219i<\/p>\n\n\n\n<p><strong>Costel Alexe<\/strong>, Pre\u0219edintele Consiliului Jude\u021bean Ia\u0219i<\/p>\n\n\n\n<p><strong>Mihai Chirica<\/strong>, Primarul Municipiului Ia\u0219i<\/p>\n\n\n\n<p>La finalul dezbaterilor, doamna Lia Anton, pre\u0219edinte al FCNAp &#8211; sucursala Ia\u0219i, a mul\u021bumit tuturor participan\u021bilor \u0219i a eviden\u021biat modul \u00een care aceast\u0103 conferin\u021b\u0103 reflect\u0103 interesul organiza\u021biei pentru dezvoltarea&nbsp; culturii de securitate \u00een \u021bara noastr\u0103, precum \u0219i pentru implicarea tinerilor, studen\u021bi \u0219i elevi, \u00een dialogul pe teme de securitate, ap\u0103rare \u0219i integrare european\u0103. Pre\u0219edintele FCNAp, conf. univ. habil. dr. Cristian Petcu, i-a felicitat pe colegii din capitala Moldovei pentru con\u021binutul \u0219i pentru calitatea organiz\u0103rii acestei conferin\u021be, asigur\u00e2nd sucursala ie\u0219ean\u0103 de \u00eentreg sprijinul structurii centrale, \u00een activitatea ei viitoare.<\/p>\n\n\n\n<figure class=\"wp-block-image size-full\"><a href=\"http:\/\/fcnap.ro\/wp-content\/uploads\/2023\/10\/conferinta-iasi-25-octombrie-2025-b.png\" data-rel=\"lightbox-gallery-1LYxx2xk\" data-rl_title=\"\" data-rl_caption=\"\" title=\"\"><img decoding=\"async\" loading=\"lazy\" width=\"1024\" height=\"682\" src=\"http:\/\/fcnap.ro\/wp-content\/uploads\/2023\/10\/conferinta-iasi-25-octombrie-2025-b.png\" alt=\"\" class=\"wp-image-1057\" srcset=\"https:\/\/fcnap.ro\/wp-content\/uploads\/2023\/10\/conferinta-iasi-25-octombrie-2025-b.png 1024w, https:\/\/fcnap.ro\/wp-content\/uploads\/2023\/10\/conferinta-iasi-25-octombrie-2025-b-300x200.png 300w, https:\/\/fcnap.ro\/wp-content\/uploads\/2023\/10\/conferinta-iasi-25-octombrie-2025-b-768x512.png 768w\" sizes=\"(max-width: 1024px) 100vw, 1024px\" \/><\/a><\/figure>\n\n\n\n<p>Dorim s\u0103 adres\u0103m mul\u021bumiri speciale doamnei Maria Grapini, membr\u0103 a Parlamentului European, pentru disponibilitatea de a r\u0103spunde, \u00een cadrul unei sesiuni ad-hoc, \u00eentreb\u0103rilor formulate de moderatorul dezbaterilor, politologul Lucian-Dumitru D\u00eerdal\u0103. De asemenea, ne exprim\u0103m gratitudinea fa\u021b\u0103 de domnul Victor Negrescu, membru al Parlamentului European, \u0219i domnul Petru-Bogdan Cojocaru, Prefectul jude\u021bului Ia\u0219i, pentru sprijinul \u0219i sfaturile utile oferite de-a lungul procesului de organizare a conferin\u021bei, inclusiv \u00een ob\u021binerea patronajului Guvernului Rom\u00e2niei.<\/p>\n\n\n\n<p>Ca \u00eentotdeauna, am fost sprijini\u021bi de un grup energic \u0219i competent de voluntari, tineri interesa\u021bi de problematica securit\u0103\u021bii \u0219i ap\u0103r\u0103rii na\u021bionale \u0219i dornici s\u0103 promoveze valorile FCNAp \u00een r\u00e2ndul colegilor de genera\u021bie. Le mul\u021bumim \u0219i ne exprim\u0103m speran\u021ba c\u0103 vom colabora \u0219i \u00een viitor, c\u0103 ideile \u0219i ac\u021biunea lor ne vor \u00eent\u0103ri din punct de vedere organiza\u021bional.<\/p>\n\n\n\n<p>Se cuvine s\u0103 ne exprim\u0103m recuno\u0219tin\u021ba fa\u021b\u0103 de conducerea Inspectoratului \u0218colar Jude\u021bean, cu sprijinul c\u0103reia un grup numeros de liceeni a putut asista la lucr\u0103rile conferin\u021bei. Sper\u0103m c\u0103 aceast\u0103 conferin\u021b\u0103 a reprezentat, pentru ei, un eveniment care s\u0103-i \u00eencurajeze \u00een asumarea responsabilit\u0103\u021bilor de cet\u0103\u021bean.<\/p>\n\n\n\n<p>Sucursala Ia\u0219i a FCNAp mul\u021bume\u0219te tuturor institu\u021biilor media care au oferit publicului informa\u021bii despre conferin\u021b\u0103 \u0219i \u00ee\u0219i exprim\u0103 speran\u021ba \u00eentr-o bun\u0103 colaborare \u0219i \u00een viitor. Le suntem recunosc\u0103tori tuturor ie\u0219enilor care ne-au urm\u0103rit, \u00een sal\u0103 sau din fa\u021ba ecranelor: interesul \u0219i sprijinul lor d\u0103 sens ac\u021biunilor noastre.&nbsp;<\/p>\n","protected":false},"excerpt":{"rendered":"<p>\u00a0 Sucursala Ia\u0219i a Funda\u021biei Colegiului Na\u021bional de Ap\u0103rare (FCNAp) are pl\u0103cerea de a informa publicul ie\u0219ean despre finalizarea cu succes a unui proiect important \u0219i ambi\u021bios: Conferin\u021ba interna\u021bional\u0103 \u201eEuropa f\u0103r\u0103 frontiere interne: dimensiuni politice \u0219i institu\u021bionale ale ader\u0103rii Rom\u00e2niei la spa\u021biul Schengen\u201d.&nbsp; Conferin\u021ba, desf\u0103\u0219urat\u0103 sub patronajul Guvernului Rom\u00e2niei, a fost organizat\u0103 \u00een parteneriat cu [&hellip;]<\/p>\n","protected":false},"author":152,"featured_media":1058,"comment_status":"open","ping_status":"open","sticky":false,"template":"","format":"standard","meta":[],"categories":[12,9,15,10],"tags":[17,30],"_links":{"self":[{"href":"https:\/\/fcnap.ro\/en\/wp-json\/wp\/v2\/posts\/1056"}],"collection":[{"href":"https:\/\/fcnap.ro\/en\/wp-json\/wp\/v2\/posts"}],"about":[{"href":"https:\/\/fcnap.ro\/en\/wp-json\/wp\/v2\/types\/post"}],"author":[{"embeddable":true,"href":"https:\/\/fcnap.ro\/en\/wp-json\/wp\/v2\/users\/152"}],"replies":[{"embeddable":true,"href":"https:\/\/fcnap.ro\/en\/wp-json\/wp\/v2\/comments?post=1056"}],"version-history":[{"count":1,"href":"https:\/\/fcnap.ro\/en\/wp-json\/wp\/v2\/posts\/1056\/revisions"}],"predecessor-version":[{"id":1061,"href":"https:\/\/fcnap.ro\/en\/wp-json\/wp\/v2\/posts\/1056\/revisions\/1061"}],"wp:featuredmedia":[{"embeddable":true,"href":"https:\/\/fcnap.ro\/en\/wp-json\/wp\/v2\/media\/1058"}],"wp:attachment":[{"href":"https:\/\/fcnap.ro\/en\/wp-json\/wp\/v2\/media?parent=1056"}],"wp:term":[{"taxonomy":"category","embeddable":true,"href":"https:\/\/fcnap.ro\/en\/wp-json\/wp\/v2\/categories?post=1056"},{"taxonomy":"post_tag","embeddable":true,"href":"https:\/\/fcnap.ro\/en\/wp-json\/wp\/v2\/tags?post=1056"}],"curies":[{"name":"wp","href":"https:\/\/api.w.org\/{rel}","templated":true}]}}