{"id":1021,"date":"2023-05-10T16:37:24","date_gmt":"2023-05-10T16:37:24","guid":{"rendered":"https:\/\/fcnap.ro\/?p=1021"},"modified":"2023-05-28T16:54:24","modified_gmt":"2023-05-28T16:54:24","slug":"9-mai-ziua-independentei-de-stat-a-romaniei","status":"publish","type":"post","link":"https:\/\/fcnap.ro\/en\/9-mai-ziua-independentei-de-stat-a-romaniei\/","title":{"rendered":"9 mai &#8211; Ziua Independen\u021bei de Stat a Rom\u00e2niei"},"content":{"rendered":"\n<p><strong>Funda\u021bia Colegiului Na\u021bional de Ap\u0103rare, sucursala Ia\u0219i, a marcat ziua de 9 mai &#8211; Ziua Independen\u021bei de Stat a Rom\u00e2niei, Ziua Victoriei Coali\u021biei Na\u021biunilor Unite \u00een cel de-al doilea r\u0103zbooi modial \u0219i Ziua Europei \u2013 printr-o ac\u021biune menit\u0103 s\u0103 ilustreze ata\u0219amentul fa\u021b\u0103 de una dintre misiunile sale esen\u021biale: educarea tinerilor \u00een domeniul securit\u0103\u021bii \u0219i ap\u0103r\u0103rii na\u021bionale<\/strong>.<\/p>\n\n\n\n<figure class=\"wp-block-image size-large\"><a href=\"http:\/\/fcnap.ro\/wp-content\/uploads\/2023\/05\/activitati-iasi2.jpg\" data-rel=\"lightbox-gallery-3AWJl7bi\" data-rl_title=\"\" data-rl_caption=\"\" title=\"\"><img decoding=\"async\" loading=\"lazy\" width=\"1024\" height=\"682\" src=\"http:\/\/fcnap.ro\/wp-content\/uploads\/2023\/05\/activitati-iasi2-1024x682.jpg\" alt=\"\" class=\"wp-image-1024\" srcset=\"https:\/\/fcnap.ro\/wp-content\/uploads\/2023\/05\/activitati-iasi2-1024x682.jpg 1024w, https:\/\/fcnap.ro\/wp-content\/uploads\/2023\/05\/activitati-iasi2-300x200.jpg 300w, https:\/\/fcnap.ro\/wp-content\/uploads\/2023\/05\/activitati-iasi2-768x512.jpg 768w, https:\/\/fcnap.ro\/wp-content\/uploads\/2023\/05\/activitati-iasi2-1536x1023.jpg 1536w, https:\/\/fcnap.ro\/wp-content\/uploads\/2023\/05\/activitati-iasi2.jpg 1600w\" sizes=\"(max-width: 1024px) 100vw, 1024px\" \/><\/a><figcaption class=\"wp-element-caption\">Fotografii realizate de elev Matei Trofin<\/figcaption><\/figure>\n\n\n\n<p>Astfel, \u00een ziua de vineri, 5 mai a.c., un grup de 15 studen\u021bi de la trei universit\u0103\u021bi ie\u0219ene, \u00eenso\u021bit de <a><\/a>reprezentan\u021bi ai conducerii sucursalei, a vizitat Colegiul Na\u021bional Militar \u201e\u0218tefan cel Mare\u201d din C\u00e2mpulung Moldovenesc, \u0219coal\u0103 de tradi\u021bie \u0219i prestigiu \u00een sistemul rom\u00e2nesc de \u00eenv\u0103\u021b\u0103m\u00e2nt militar.<\/p>\n\n\n\n<p>Cei 15 participan\u021bi au fost selecta\u021bi dintr-un grup de peste 60 de studen\u021bi \u00eenscri\u0219i, o cifr\u0103 ce ilustreaz\u0103 reu\u0219ita sucursalei ie\u0219ene a FCNAp, sucursala Ia\u0219i, \u00een eforturile sale de a angrena tinerii \u00eentr-un dialog sincer \u0219i consistent despre problematica securit\u0103\u021bii \u0219i ap\u0103r\u0103rii, precum \u0219i despre politicile autorit\u0103\u021bilor rom\u00e2ne \u00een acest domeniu.<\/p>\n\n\n\n<figure class=\"wp-block-image size-large\"><a href=\"http:\/\/fcnap.ro\/wp-content\/uploads\/2023\/05\/activitati-iasi.jpg\" data-rel=\"lightbox-gallery-3AWJl7bi\" data-rl_title=\"\" data-rl_caption=\"\" title=\"\"><img decoding=\"async\" loading=\"lazy\" width=\"1024\" height=\"682\" src=\"http:\/\/fcnap.ro\/wp-content\/uploads\/2023\/05\/activitati-iasi-1024x682.jpg\" alt=\"\" class=\"wp-image-1022\" srcset=\"https:\/\/fcnap.ro\/wp-content\/uploads\/2023\/05\/activitati-iasi-1024x682.jpg 1024w, https:\/\/fcnap.ro\/wp-content\/uploads\/2023\/05\/activitati-iasi-300x200.jpg 300w, https:\/\/fcnap.ro\/wp-content\/uploads\/2023\/05\/activitati-iasi-768x512.jpg 768w, https:\/\/fcnap.ro\/wp-content\/uploads\/2023\/05\/activitati-iasi-1536x1023.jpg 1536w, https:\/\/fcnap.ro\/wp-content\/uploads\/2023\/05\/activitati-iasi.jpg 1600w\" sizes=\"(max-width: 1024px) 100vw, 1024px\" \/><\/a><figcaption class=\"wp-element-caption\">Fotografii realizate de elev Matei Trofin<\/figcaption><\/figure>\n\n\n\n<p>Vizita aceasta a inclus \u00eent\u00e2lniri cu profesorii \u0219colii, cu elevii care se preg\u0103tesc pentru o carier\u0103 militar\u0103 \u0219i mai ales oportunitatea de a asista la ore de instruire teoric\u0103 \u0219i practc\u0103 pentru to\u021bi participan\u021bii, un argument \u00een plus \u00een favoarea ideii c\u0103 societatea civil\u0103 din \u021bara noastr\u0103 trebuie s\u0103 cunoasc\u0103 eforturile depuse de tinerii care aleg s\u0103 studieze \u00een cadrul sistemului de \u00eenv\u0103\u021b\u0103m\u00e2nt militar.<\/p>\n\n\n\n<p>FCNAp, sucursala Ia\u0219i, mul\u021bume\u0219te pe aceast\u0103 cale conducerii C.N.M. \u201e\u0218tefan cel Mare\u201d, precum \u0219i tuturor celor care au contribuit la buna derulare a acestei ac\u021biuni. Nu \u00een ultimul r\u00e2nd, le mul\u021bumim partenerilor \u0219i voluntarilor no\u0219tri, pe al c\u0103ror sprijin cont\u0103m \u0219i \u00een viitoarele noastre ac\u021biuni.<\/p>\n\n\n\n<figure class=\"wp-block-image size-large\"><a href=\"https:\/\/fcnap.ro\/wp-content\/uploads\/2023\/05\/activitati-iasi1.jpg\" data-rel=\"lightbox-gallery-3AWJl7bi\" data-rl_title=\"\" data-rl_caption=\"\" title=\"\"><img decoding=\"async\" loading=\"lazy\" width=\"1024\" height=\"682\" src=\"https:\/\/fcnap.ro\/wp-content\/uploads\/2023\/05\/activitati-iasi1-1024x682.jpg\" alt=\"\" class=\"wp-image-1023\" srcset=\"https:\/\/fcnap.ro\/wp-content\/uploads\/2023\/05\/activitati-iasi1-1024x682.jpg 1024w, https:\/\/fcnap.ro\/wp-content\/uploads\/2023\/05\/activitati-iasi1-300x200.jpg 300w, https:\/\/fcnap.ro\/wp-content\/uploads\/2023\/05\/activitati-iasi1-768x512.jpg 768w, https:\/\/fcnap.ro\/wp-content\/uploads\/2023\/05\/activitati-iasi1-1536x1023.jpg 1536w, https:\/\/fcnap.ro\/wp-content\/uploads\/2023\/05\/activitati-iasi1.jpg 1600w\" sizes=\"(max-width: 1024px) 100vw, 1024px\" \/><\/a><figcaption class=\"wp-element-caption\">Fotografii realizate de elev Matei Trofin<\/figcaption><\/figure>\n","protected":false},"excerpt":{"rendered":"<p>Funda\u021bia Colegiului Na\u021bional de Ap\u0103rare, sucursala Ia\u0219i, a marcat ziua de 9 mai &#8211; Ziua Independen\u021bei de Stat a Rom\u00e2niei, Ziua Victoriei Coali\u021biei Na\u021biunilor Unite \u00een cel de-al doilea r\u0103zbooi modial \u0219i Ziua Europei \u2013 printr-o ac\u021biune menit\u0103 s\u0103 ilustreze ata\u0219amentul fa\u021b\u0103 de una dintre misiunile sale esen\u021biale: educarea tinerilor \u00een domeniul securit\u0103\u021bii \u0219i ap\u0103r\u0103rii [&hellip;]<\/p>\n","protected":false},"author":152,"featured_media":1024,"comment_status":"open","ping_status":"open","sticky":false,"template":"","format":"standard","meta":[],"categories":[7,15],"tags":[],"_links":{"self":[{"href":"https:\/\/fcnap.ro\/en\/wp-json\/wp\/v2\/posts\/1021"}],"collection":[{"href":"https:\/\/fcnap.ro\/en\/wp-json\/wp\/v2\/posts"}],"about":[{"href":"https:\/\/fcnap.ro\/en\/wp-json\/wp\/v2\/types\/post"}],"author":[{"embeddable":true,"href":"https:\/\/fcnap.ro\/en\/wp-json\/wp\/v2\/users\/152"}],"replies":[{"embeddable":true,"href":"https:\/\/fcnap.ro\/en\/wp-json\/wp\/v2\/comments?post=1021"}],"version-history":[{"count":2,"href":"https:\/\/fcnap.ro\/en\/wp-json\/wp\/v2\/posts\/1021\/revisions"}],"predecessor-version":[{"id":1029,"href":"https:\/\/fcnap.ro\/en\/wp-json\/wp\/v2\/posts\/1021\/revisions\/1029"}],"wp:featuredmedia":[{"embeddable":true,"href":"https:\/\/fcnap.ro\/en\/wp-json\/wp\/v2\/media\/1024"}],"wp:attachment":[{"href":"https:\/\/fcnap.ro\/en\/wp-json\/wp\/v2\/media?parent=1021"}],"wp:term":[{"taxonomy":"category","embeddable":true,"href":"https:\/\/fcnap.ro\/en\/wp-json\/wp\/v2\/categories?post=1021"},{"taxonomy":"post_tag","embeddable":true,"href":"https:\/\/fcnap.ro\/en\/wp-json\/wp\/v2\/tags?post=1021"}],"curies":[{"name":"wp","href":"https:\/\/api.w.org\/{rel}","templated":true}]}}